{"id":196,"date":"2015-12-10T09:35:37","date_gmt":"2015-12-10T09:35:37","guid":{"rendered":"http:\/\/profesionales-malaga.com\/electricista\/?p=196"},"modified":"2021-02-03T12:26:48","modified_gmt":"2021-02-03T12:26:48","slug":"certificado-instalacion-electrica-para-caravanas-y-autocaravanas","status":"publish","type":"post","link":"https:\/\/profesionales-malaga.com\/electricista\/2015\/12\/10\/certificado-instalacion-electrica-para-caravanas-y-autocaravanas\/","title":{"rendered":"Certificado de instalaci\u00f3n electrica para autocaravanas"},"content":{"rendered":"<p>\u00bfSab\u00edas que necesitas un Certificado de Instalaci\u00f3n El\u00e9ctrica para tu autom\u00f3vil?<\/p>\n<p>Estos son nuestros precios en funci\u00f3n del municipio en donde se encuentre el veh\u00edculo<\/p>\n<p>Te mostramos nuestros precios especiales aplicados para nuestros servicios.<\/p>\n<p>El <a href=\"https:\/\/profesionales-malaga.com\/electricista\/boletin-autocaravanas\/\">Certificado de instalaci\u00f3n<\/a> para M\u00e1laga tiene un coste de 105\u20ac. Nuestros servicios para Alhar\u00edn el Grande, Benalm\u00e1dena, Campanillas y en La Victoria sale en un precio de 115\u20ac. La entrega del Certificado en C\u00e1rtama, Fuengirola y Torremolinos tiene un costo de 120\u20ac. En Mijas y Velez-Malaga la instalaci\u00f3n sale en 130\u20ac y en Marbella tiene un valor de 135\u20ac. Lo principal de estos costos es que todo ya tiene incluido el IVA y el traslado.<\/p>\n<p>De ser de su preferencia, tiene la oportunidad de llevar su autocaravana a la ciudad de M\u00e1laga, la capital, y nos evitaremos cualquier tipo de retrasos para brindarle la soluci\u00f3n lo m\u00e1s r\u00e1pido posible.<\/p>\n<p>Es importante que tomar en cuenta que el <a href=\"https:\/\/profesionales-malaga.com\/electricista\/boletin-autocaravanas\/\">Certificado de Instalaci\u00f3n El\u00e9ctrica para autocaravanas<\/a> es un documento emitido por un electricista capacitado para confirmar que su servicio de electricidad se encuentra en \u00f3ptimas condiciones y est\u00e1 regida por las reglas actuales. Tambi\u00e9n es conocido como Bolet\u00edn El\u00e9ctrico, Certificado de Instalaci\u00f3n de Baja Tensi\u00f3n y Bolet\u00edn de Luz.<\/p>\n<p>En dicho documento se ve reflejado la instalaci\u00f3n y sus caracter\u00edsticas, tambi\u00e9n se ve la potencia colocada y el nivel m\u00e1ximo de admisi\u00f3n y adem\u00e1s se garantiza la buena instalaci\u00f3n. Ya hecha la revisi\u00f3n se le entrega un ejemplar sellado y duplicado.<\/p>\n<p>Este certificado lo necesitas para cuando realices un cambio en tu servicio. Y adem\u00e1s, tu autocaravana debe ser revisado para confirmar que todo est\u00e9 marchando en orden. Te garantizamos entregarte tu certificado en un aproximado de 2 a 4 d\u00edas. Recibir nuestro servicio te tomar\u00e1 s\u00f3lo unos 20 minutos para que tu auto est\u00e9 en plenas condiciones para su utilizaci\u00f3n y est\u00e9s en completa tranquilidad.<\/p>\n<p>&nbsp;<\/p>\n<p>M\u00e1s informaci\u00f3n, <a href=\"https:\/\/profesionales-malaga.com\/electricista\/boletin-autocaravanas\/\">aqui<\/a><\/p>\n","protected":false},"excerpt":{"rendered":"<p>\u00bfSab\u00edas que necesitas un Certificado de Instalaci\u00f3n El\u00e9ctrica para tu autom\u00f3vil? Estos son nuestros precios en funci\u00f3n del municipio en donde se encuentre el veh\u00edculo Te mostramos nuestros precios especiales aplicados para<a class=\"moretag\" href=\"https:\/\/profesionales-malaga.com\/electricista\/2015\/12\/10\/certificado-instalacion-electrica-para-caravanas-y-autocaravanas\/\">Leer m\u00e1s&#8230;<\/a><\/p>\n","protected":false},"author":1,"featured_media":286,"comment_status":"open","ping_status":"open","sticky":false,"template":"","format":"standard","meta":[],"categories":[1],"tags":[13,8,9,14,10,11,6,12],"yoast_head":"<!-- This site is optimized with the Yoast SEO plugin v21.1 - https:\/\/yoast.com\/wordpress\/plugins\/seo\/ -->\n<title>Certificado de instalaci\u00f3n electrica para autocaravanas - Electricista M\u00e1laga<\/title>\n<meta name=\"robots\" content=\"noindex, follow\" \/>\n<meta property=\"og:locale\" content=\"es_ES\" \/>\n<meta property=\"og:type\" content=\"article\" \/>\n<meta property=\"og:title\" content=\"Certificado de instalaci\u00f3n electrica para autocaravanas - Electricista M\u00e1laga\" \/>\n<meta property=\"og:description\" content=\"\u00bfSab\u00edas que necesitas un Certificado de Instalaci\u00f3n El\u00e9ctrica para tu autom\u00f3vil? Estos son nuestros precios en funci\u00f3n del municipio en donde se encuentre el veh\u00edculo Te mostramos nuestros precios especiales aplicados paraLeer m\u00e1s...\" \/>\n<meta property=\"og:url\" content=\"https:\/\/profesionales-malaga.com\/electricista\/2015\/12\/10\/certificado-instalacion-electrica-para-caravanas-y-autocaravanas\/\" \/>\n<meta property=\"og:site_name\" content=\"Electricista M\u00e1laga\" \/>\n<meta property=\"article:published_time\" content=\"2015-12-10T09:35:37+00:00\" \/>\n<meta property=\"article:modified_time\" content=\"2021-02-03T12:26:48+00:00\" \/>\n<meta property=\"og:image\" content=\"https:\/\/profesionales-malaga.com\/electricista\/wp-content\/uploads\/2016\/11\/autocaravana.jpg\" \/>\n\t<meta property=\"og:image:width\" content=\"1024\" \/>\n\t<meta property=\"og:image:height\" content=\"668\" \/>\n\t<meta property=\"og:image:type\" content=\"image\/jpeg\" \/>\n<meta name=\"author\" content=\"electricista\" \/>\n<meta name=\"twitter:card\" content=\"summary_large_image\" \/>\n<meta name=\"twitter:label1\" content=\"Escrito por\" \/>\n\t<meta name=\"twitter:data1\" content=\"electricista\" \/>\n\t<meta name=\"twitter:label2\" content=\"Tiempo de lectura\" \/>\n\t<meta name=\"twitter:data2\" content=\"2 minutos\" \/>\n<script type=\"application\/ld+json\" class=\"yoast-schema-graph\">{\"@context\":\"https:\/\/schema.org\",\"@graph\":[{\"@type\":\"WebPage\",\"@id\":\"https:\/\/profesionales-malaga.com\/electricista\/2015\/12\/10\/certificado-instalacion-electrica-para-caravanas-y-autocaravanas\/\",\"url\":\"https:\/\/profesionales-malaga.com\/electricista\/2015\/12\/10\/certificado-instalacion-electrica-para-caravanas-y-autocaravanas\/\",\"name\":\"Certificado de instalaci\u00f3n electrica para autocaravanas - Electricista M\u00e1laga\",\"isPartOf\":{\"@id\":\"https:\/\/profesionales-malaga.com\/electricista\/#website\"},\"datePublished\":\"2015-12-10T09:35:37+00:00\",\"dateModified\":\"2021-02-03T12:26:48+00:00\",\"author\":{\"@id\":\"https:\/\/profesionales-malaga.com\/electricista\/#\/schema\/person\/aac24444905ccc35c90d5723b5ca69f6\"},\"breadcrumb\":{\"@id\":\"https:\/\/profesionales-malaga.com\/electricista\/2015\/12\/10\/certificado-instalacion-electrica-para-caravanas-y-autocaravanas\/#breadcrumb\"},\"inLanguage\":\"es\",\"potentialAction\":[{\"@type\":\"ReadAction\",\"target\":[\"https:\/\/profesionales-malaga.com\/electricista\/2015\/12\/10\/certificado-instalacion-electrica-para-caravanas-y-autocaravanas\/\"]}]},{\"@type\":\"BreadcrumbList\",\"@id\":\"https:\/\/profesionales-malaga.com\/electricista\/2015\/12\/10\/certificado-instalacion-electrica-para-caravanas-y-autocaravanas\/#breadcrumb\",\"itemListElement\":[{\"@type\":\"ListItem\",\"position\":1,\"name\":\"Portada\",\"item\":\"https:\/\/profesionales-malaga.com\/electricista\/\"},{\"@type\":\"ListItem\",\"position\":2,\"name\":\"Certificado de instalaci\u00f3n electrica para autocaravanas\"}]},{\"@type\":\"WebSite\",\"@id\":\"https:\/\/profesionales-malaga.com\/electricista\/#website\",\"url\":\"https:\/\/profesionales-malaga.com\/electricista\/\",\"name\":\"Electricista M\u00e1laga\",\"description\":\"TXC INSTALACIONES S.L.\",\"potentialAction\":[{\"@type\":\"SearchAction\",\"target\":{\"@type\":\"EntryPoint\",\"urlTemplate\":\"https:\/\/profesionales-malaga.com\/electricista\/?s={search_term_string}\"},\"query-input\":\"required name=search_term_string\"}],\"inLanguage\":\"es\"},{\"@type\":\"Person\",\"@id\":\"https:\/\/profesionales-malaga.com\/electricista\/#\/schema\/person\/aac24444905ccc35c90d5723b5ca69f6\",\"name\":\"electricista\",\"image\":{\"@type\":\"ImageObject\",\"inLanguage\":\"es\",\"@id\":\"https:\/\/profesionales-malaga.com\/electricista\/#\/schema\/person\/image\/\",\"url\":\"https:\/\/secure.gravatar.com\/avatar\/fd7f2f59c492ee87eee9d52746e674fa?s=96&d=mm&r=g\",\"contentUrl\":\"https:\/\/secure.gravatar.com\/avatar\/fd7f2f59c492ee87eee9d52746e674fa?s=96&d=mm&r=g\",\"caption\":\"electricista\"},\"url\":\"https:\/\/profesionales-malaga.com\/electricista\/author\/electricista\/\"}]}<\/script>\n<!-- \/ Yoast SEO plugin. -->","yoast_head_json":{"title":"Certificado de instalaci\u00f3n electrica para autocaravanas - Electricista M\u00e1laga","robots":{"index":"noindex","follow":"follow"},"og_locale":"es_ES","og_type":"article","og_title":"Certificado de instalaci\u00f3n electrica para autocaravanas - Electricista M\u00e1laga","og_description":"\u00bfSab\u00edas que necesitas un Certificado de Instalaci\u00f3n El\u00e9ctrica para tu autom\u00f3vil? Estos son nuestros precios en funci\u00f3n del municipio en donde se encuentre el veh\u00edculo Te mostramos nuestros precios especiales aplicados paraLeer m\u00e1s...","og_url":"https:\/\/profesionales-malaga.com\/electricista\/2015\/12\/10\/certificado-instalacion-electrica-para-caravanas-y-autocaravanas\/","og_site_name":"Electricista M\u00e1laga","article_published_time":"2015-12-10T09:35:37+00:00","article_modified_time":"2021-02-03T12:26:48+00:00","og_image":[{"width":1024,"height":668,"url":"https:\/\/profesionales-malaga.com\/electricista\/wp-content\/uploads\/2016\/11\/autocaravana.jpg","type":"image\/jpeg"}],"author":"electricista","twitter_card":"summary_large_image","twitter_misc":{"Escrito por":"electricista","Tiempo de lectura":"2 minutos"},"schema":{"@context":"https:\/\/schema.org","@graph":[{"@type":"WebPage","@id":"https:\/\/profesionales-malaga.com\/electricista\/2015\/12\/10\/certificado-instalacion-electrica-para-caravanas-y-autocaravanas\/","url":"https:\/\/profesionales-malaga.com\/electricista\/2015\/12\/10\/certificado-instalacion-electrica-para-caravanas-y-autocaravanas\/","name":"Certificado de instalaci\u00f3n electrica para autocaravanas - Electricista M\u00e1laga","isPartOf":{"@id":"https:\/\/profesionales-malaga.com\/electricista\/#website"},"datePublished":"2015-12-10T09:35:37+00:00","dateModified":"2021-02-03T12:26:48+00:00","author":{"@id":"https:\/\/profesionales-malaga.com\/electricista\/#\/schema\/person\/aac24444905ccc35c90d5723b5ca69f6"},"breadcrumb":{"@id":"https:\/\/profesionales-malaga.com\/electricista\/2015\/12\/10\/certificado-instalacion-electrica-para-caravanas-y-autocaravanas\/#breadcrumb"},"inLanguage":"es","potentialAction":[{"@type":"ReadAction","target":["https:\/\/profesionales-malaga.com\/electricista\/2015\/12\/10\/certificado-instalacion-electrica-para-caravanas-y-autocaravanas\/"]}]},{"@type":"BreadcrumbList","@id":"https:\/\/profesionales-malaga.com\/electricista\/2015\/12\/10\/certificado-instalacion-electrica-para-caravanas-y-autocaravanas\/#breadcrumb","itemListElement":[{"@type":"ListItem","position":1,"name":"Portada","item":"https:\/\/profesionales-malaga.com\/electricista\/"},{"@type":"ListItem","position":2,"name":"Certificado de instalaci\u00f3n electrica para autocaravanas"}]},{"@type":"WebSite","@id":"https:\/\/profesionales-malaga.com\/electricista\/#website","url":"https:\/\/profesionales-malaga.com\/electricista\/","name":"Electricista M\u00e1laga","description":"TXC INSTALACIONES S.L.","potentialAction":[{"@type":"SearchAction","target":{"@type":"EntryPoint","urlTemplate":"https:\/\/profesionales-malaga.com\/electricista\/?s={search_term_string}"},"query-input":"required name=search_term_string"}],"inLanguage":"es"},{"@type":"Person","@id":"https:\/\/profesionales-malaga.com\/electricista\/#\/schema\/person\/aac24444905ccc35c90d5723b5ca69f6","name":"electricista","image":{"@type":"ImageObject","inLanguage":"es","@id":"https:\/\/profesionales-malaga.com\/electricista\/#\/schema\/person\/image\/","url":"https:\/\/secure.gravatar.com\/avatar\/fd7f2f59c492ee87eee9d52746e674fa?s=96&d=mm&r=g","contentUrl":"https:\/\/secure.gravatar.com\/avatar\/fd7f2f59c492ee87eee9d52746e674fa?s=96&d=mm&r=g","caption":"electricista"},"url":"https:\/\/profesionales-malaga.com\/electricista\/author\/electricista\/"}]}},"_links":{"self":[{"href":"https:\/\/profesionales-malaga.com\/electricista\/wp-json\/wp\/v2\/posts\/196"}],"collection":[{"href":"https:\/\/profesionales-malaga.com\/electricista\/wp-json\/wp\/v2\/posts"}],"about":[{"href":"https:\/\/profesionales-malaga.com\/electricista\/wp-json\/wp\/v2\/types\/post"}],"author":[{"embeddable":true,"href":"https:\/\/profesionales-malaga.com\/electricista\/wp-json\/wp\/v2\/users\/1"}],"replies":[{"embeddable":true,"href":"https:\/\/profesionales-malaga.com\/electricista\/wp-json\/wp\/v2\/comments?post=196"}],"version-history":[{"count":3,"href":"https:\/\/profesionales-malaga.com\/electricista\/wp-json\/wp\/v2\/posts\/196\/revisions"}],"predecessor-version":[{"id":405,"href":"https:\/\/profesionales-malaga.com\/electricista\/wp-json\/wp\/v2\/posts\/196\/revisions\/405"}],"wp:featuredmedia":[{"embeddable":true,"href":"https:\/\/profesionales-malaga.com\/electricista\/wp-json\/wp\/v2\/media\/286"}],"wp:attachment":[{"href":"https:\/\/profesionales-malaga.com\/electricista\/wp-json\/wp\/v2\/media?parent=196"}],"wp:term":[{"taxonomy":"category","embeddable":true,"href":"https:\/\/profesionales-malaga.com\/electricista\/wp-json\/wp\/v2\/categories?post=196"},{"taxonomy":"post_tag","embeddable":true,"href":"https:\/\/profesionales-malaga.com\/electricista\/wp-json\/wp\/v2\/tags?post=196"}],"curies":[{"name":"wp","href":"https:\/\/api.w.org\/{rel}","templated":true}]}}