{"id":229,"date":"2016-02-15T10:14:26","date_gmt":"2016-02-15T10:14:26","guid":{"rendered":"http:\/\/profesionales-malaga.com\/electricista\/?p=229"},"modified":"2016-11-28T15:41:16","modified_gmt":"2016-11-28T15:41:16","slug":"consumo-electrico","status":"publish","type":"post","link":"https:\/\/profesionales-malaga.com\/electricista\/2016\/02\/15\/consumo-electrico\/","title":{"rendered":"Consumo El\u00e9ctrico &#8211; Curiosidades y estad\u00edstica"},"content":{"rendered":"<p>El 74% de los hogares espa\u00f1oles no saben como calcular su factura de consumo el\u00e9ctrico. La mayor\u00eda de las familias espa\u00f1olas tiene un promedio de 56 euros mensuales de consumo de energ\u00eda el\u00e9ctrica por mes<\/p>\n<p>De modo, el desconocimiento hace que en los hogares no sepan hacer el c\u00e1lculo del gasto mensual en gas natural y electricidad. Las estad\u00edsticas son las siguientes: nueve de cada diez familias no sabe que puede contratar energ\u00eda verde, m\u00e1s de la mitad no sabe la diferencia entre distribuci\u00f3n y comercializaci\u00f3n adem\u00e1s de no conocer los peajes de acceso y el costo como tal que tendr\u00e1 el servicio.<\/p>\n<p>Si hablamos de los hogares que contratan gas natural, 40 euros ser\u00eda el gasto mensual estimado, y aunque este valor ya posee los impuestos, podemos estimar que est\u00e1 cifra aumenta si tomamos en cuenta el factor clima.<\/p>\n<p>La calefacci\u00f3n utilizada durante la \u00e9poca de frio har\u00e1 que se eleve el recibo de gas durante el tiempo que dure. Otra cosa que hay que explicar es que en invierno no s\u00f3lo eleva la factura de gas, el recibo de energ\u00eda el\u00e9ctrica tambi\u00e9n aumenta debido a la demanda que se produce gracias a los efectos propios de la \u00e9poca.<\/p>\n<p>En \u00e9pocas de calor, como en verano, es cuando m\u00e1s dinero se invierte en cubrir el gasto del servicio el\u00e9ctrico debido a que m\u00e1s del 89% de los hogares espa\u00f1oles posee aire acondicionado y por el desconocimiento su uso se vuelve algo irresponsable.<\/p>\n<p>La tecnolog\u00eda est\u00e1 en la lista de factores que influyen para que los espa\u00f1oles tengan que pagar m\u00e1s de lo que necesitan. Cosas como no desconectar los cargadores de dispositivos como celulares o tener artefactos como el televisor\u00a0 enchufados todo el d\u00eda, incrementan de manera silenciosa tu factura de luz sin que lo notes, por lo cual si hay que hacer casos a eso anuncios televisivos que invitan a hacer <a href=\"https:\/\/profesionales-malaga.com\/electricista\/2016\/03\/29\/como-ahorrar-energia-electrica-y-no-fracasar-en-el-intento\/\">ahorro de la energ\u00eda el\u00e9ctrica<\/a>, esto causara que su factura se mantenga en un bajo costo.<\/p>\n","protected":false},"excerpt":{"rendered":"<p>El 74% de los hogares espa\u00f1oles no saben como calcular su factura de consumo el\u00e9ctrico. La mayor\u00eda de las familias espa\u00f1olas tiene un promedio de 56 euros mensuales de consumo de energ\u00eda<a class=\"moretag\" href=\"https:\/\/profesionales-malaga.com\/electricista\/2016\/02\/15\/consumo-electrico\/\">Leer m\u00e1s&#8230;<\/a><\/p>\n","protected":false},"author":1,"featured_media":289,"comment_status":"open","ping_status":"open","sticky":false,"template":"","format":"standard","meta":[],"categories":[1],"tags":[20,19,15,17,6],"yoast_head":"<!-- This site is optimized with the Yoast SEO plugin v21.1 - https:\/\/yoast.com\/wordpress\/plugins\/seo\/ -->\n<title>Consumo El\u00e9ctrico - Curiosidades y estad\u00edstica - Electricista M\u00e1laga<\/title>\n<meta name=\"robots\" content=\"index, follow, max-snippet:-1, max-image-preview:large, max-video-preview:-1\" \/>\n<link rel=\"canonical\" href=\"https:\/\/profesionales-malaga.com\/electricista\/2016\/02\/15\/consumo-electrico\/\" \/>\n<meta property=\"og:locale\" content=\"es_ES\" \/>\n<meta property=\"og:type\" content=\"article\" \/>\n<meta property=\"og:title\" content=\"Consumo El\u00e9ctrico - Curiosidades y estad\u00edstica - Electricista M\u00e1laga\" \/>\n<meta property=\"og:description\" content=\"El 74% de los hogares espa\u00f1oles no saben como calcular su factura de consumo el\u00e9ctrico. La mayor\u00eda de las familias espa\u00f1olas tiene un promedio de 56 euros mensuales de consumo de energ\u00edaLeer m\u00e1s...\" \/>\n<meta property=\"og:url\" content=\"https:\/\/profesionales-malaga.com\/electricista\/2016\/02\/15\/consumo-electrico\/\" \/>\n<meta property=\"og:site_name\" content=\"Electricista M\u00e1laga\" \/>\n<meta property=\"article:published_time\" content=\"2016-02-15T10:14:26+00:00\" \/>\n<meta property=\"article:modified_time\" content=\"2016-11-28T15:41:16+00:00\" \/>\n<meta property=\"og:image\" content=\"https:\/\/profesionales-malaga.com\/electricista\/wp-content\/uploads\/2016\/11\/consumo-electrico.jpg\" \/>\n\t<meta property=\"og:image:width\" content=\"1000\" \/>\n\t<meta property=\"og:image:height\" content=\"666\" \/>\n\t<meta property=\"og:image:type\" content=\"image\/jpeg\" \/>\n<meta name=\"author\" content=\"electricista\" \/>\n<meta name=\"twitter:card\" content=\"summary_large_image\" \/>\n<meta name=\"twitter:label1\" content=\"Escrito por\" \/>\n\t<meta name=\"twitter:data1\" content=\"electricista\" \/>\n\t<meta name=\"twitter:label2\" content=\"Tiempo de lectura\" \/>\n\t<meta name=\"twitter:data2\" content=\"2 minutos\" \/>\n<script type=\"application\/ld+json\" class=\"yoast-schema-graph\">{\"@context\":\"https:\/\/schema.org\",\"@graph\":[{\"@type\":\"WebPage\",\"@id\":\"https:\/\/profesionales-malaga.com\/electricista\/2016\/02\/15\/consumo-electrico\/\",\"url\":\"https:\/\/profesionales-malaga.com\/electricista\/2016\/02\/15\/consumo-electrico\/\",\"name\":\"Consumo El\u00e9ctrico - Curiosidades y estad\u00edstica - Electricista M\u00e1laga\",\"isPartOf\":{\"@id\":\"https:\/\/profesionales-malaga.com\/electricista\/#website\"},\"datePublished\":\"2016-02-15T10:14:26+00:00\",\"dateModified\":\"2016-11-28T15:41:16+00:00\",\"author\":{\"@id\":\"https:\/\/profesionales-malaga.com\/electricista\/#\/schema\/person\/aac24444905ccc35c90d5723b5ca69f6\"},\"breadcrumb\":{\"@id\":\"https:\/\/profesionales-malaga.com\/electricista\/2016\/02\/15\/consumo-electrico\/#breadcrumb\"},\"inLanguage\":\"es\",\"potentialAction\":[{\"@type\":\"ReadAction\",\"target\":[\"https:\/\/profesionales-malaga.com\/electricista\/2016\/02\/15\/consumo-electrico\/\"]}]},{\"@type\":\"BreadcrumbList\",\"@id\":\"https:\/\/profesionales-malaga.com\/electricista\/2016\/02\/15\/consumo-electrico\/#breadcrumb\",\"itemListElement\":[{\"@type\":\"ListItem\",\"position\":1,\"name\":\"Portada\",\"item\":\"https:\/\/profesionales-malaga.com\/electricista\/\"},{\"@type\":\"ListItem\",\"position\":2,\"name\":\"Consumo El\u00e9ctrico &#8211; Curiosidades y estad\u00edstica\"}]},{\"@type\":\"WebSite\",\"@id\":\"https:\/\/profesionales-malaga.com\/electricista\/#website\",\"url\":\"https:\/\/profesionales-malaga.com\/electricista\/\",\"name\":\"Electricista M\u00e1laga\",\"description\":\"TXC INSTALACIONES S.L.\",\"potentialAction\":[{\"@type\":\"SearchAction\",\"target\":{\"@type\":\"EntryPoint\",\"urlTemplate\":\"https:\/\/profesionales-malaga.com\/electricista\/?s={search_term_string}\"},\"query-input\":\"required name=search_term_string\"}],\"inLanguage\":\"es\"},{\"@type\":\"Person\",\"@id\":\"https:\/\/profesionales-malaga.com\/electricista\/#\/schema\/person\/aac24444905ccc35c90d5723b5ca69f6\",\"name\":\"electricista\",\"image\":{\"@type\":\"ImageObject\",\"inLanguage\":\"es\",\"@id\":\"https:\/\/profesionales-malaga.com\/electricista\/#\/schema\/person\/image\/\",\"url\":\"https:\/\/secure.gravatar.com\/avatar\/fd7f2f59c492ee87eee9d52746e674fa?s=96&d=mm&r=g\",\"contentUrl\":\"https:\/\/secure.gravatar.com\/avatar\/fd7f2f59c492ee87eee9d52746e674fa?s=96&d=mm&r=g\",\"caption\":\"electricista\"},\"url\":\"https:\/\/profesionales-malaga.com\/electricista\/author\/electricista\/\"}]}<\/script>\n<!-- \/ Yoast SEO plugin. -->","yoast_head_json":{"title":"Consumo El\u00e9ctrico - Curiosidades y estad\u00edstica - Electricista M\u00e1laga","robots":{"index":"index","follow":"follow","max-snippet":"max-snippet:-1","max-image-preview":"max-image-preview:large","max-video-preview":"max-video-preview:-1"},"canonical":"https:\/\/profesionales-malaga.com\/electricista\/2016\/02\/15\/consumo-electrico\/","og_locale":"es_ES","og_type":"article","og_title":"Consumo El\u00e9ctrico - Curiosidades y estad\u00edstica - Electricista M\u00e1laga","og_description":"El 74% de los hogares espa\u00f1oles no saben como calcular su factura de consumo el\u00e9ctrico. La mayor\u00eda de las familias espa\u00f1olas tiene un promedio de 56 euros mensuales de consumo de energ\u00edaLeer m\u00e1s...","og_url":"https:\/\/profesionales-malaga.com\/electricista\/2016\/02\/15\/consumo-electrico\/","og_site_name":"Electricista M\u00e1laga","article_published_time":"2016-02-15T10:14:26+00:00","article_modified_time":"2016-11-28T15:41:16+00:00","og_image":[{"width":1000,"height":666,"url":"https:\/\/profesionales-malaga.com\/electricista\/wp-content\/uploads\/2016\/11\/consumo-electrico.jpg","type":"image\/jpeg"}],"author":"electricista","twitter_card":"summary_large_image","twitter_misc":{"Escrito por":"electricista","Tiempo de lectura":"2 minutos"},"schema":{"@context":"https:\/\/schema.org","@graph":[{"@type":"WebPage","@id":"https:\/\/profesionales-malaga.com\/electricista\/2016\/02\/15\/consumo-electrico\/","url":"https:\/\/profesionales-malaga.com\/electricista\/2016\/02\/15\/consumo-electrico\/","name":"Consumo El\u00e9ctrico - Curiosidades y estad\u00edstica - Electricista M\u00e1laga","isPartOf":{"@id":"https:\/\/profesionales-malaga.com\/electricista\/#website"},"datePublished":"2016-02-15T10:14:26+00:00","dateModified":"2016-11-28T15:41:16+00:00","author":{"@id":"https:\/\/profesionales-malaga.com\/electricista\/#\/schema\/person\/aac24444905ccc35c90d5723b5ca69f6"},"breadcrumb":{"@id":"https:\/\/profesionales-malaga.com\/electricista\/2016\/02\/15\/consumo-electrico\/#breadcrumb"},"inLanguage":"es","potentialAction":[{"@type":"ReadAction","target":["https:\/\/profesionales-malaga.com\/electricista\/2016\/02\/15\/consumo-electrico\/"]}]},{"@type":"BreadcrumbList","@id":"https:\/\/profesionales-malaga.com\/electricista\/2016\/02\/15\/consumo-electrico\/#breadcrumb","itemListElement":[{"@type":"ListItem","position":1,"name":"Portada","item":"https:\/\/profesionales-malaga.com\/electricista\/"},{"@type":"ListItem","position":2,"name":"Consumo El\u00e9ctrico &#8211; Curiosidades y estad\u00edstica"}]},{"@type":"WebSite","@id":"https:\/\/profesionales-malaga.com\/electricista\/#website","url":"https:\/\/profesionales-malaga.com\/electricista\/","name":"Electricista M\u00e1laga","description":"TXC INSTALACIONES S.L.","potentialAction":[{"@type":"SearchAction","target":{"@type":"EntryPoint","urlTemplate":"https:\/\/profesionales-malaga.com\/electricista\/?s={search_term_string}"},"query-input":"required name=search_term_string"}],"inLanguage":"es"},{"@type":"Person","@id":"https:\/\/profesionales-malaga.com\/electricista\/#\/schema\/person\/aac24444905ccc35c90d5723b5ca69f6","name":"electricista","image":{"@type":"ImageObject","inLanguage":"es","@id":"https:\/\/profesionales-malaga.com\/electricista\/#\/schema\/person\/image\/","url":"https:\/\/secure.gravatar.com\/avatar\/fd7f2f59c492ee87eee9d52746e674fa?s=96&d=mm&r=g","contentUrl":"https:\/\/secure.gravatar.com\/avatar\/fd7f2f59c492ee87eee9d52746e674fa?s=96&d=mm&r=g","caption":"electricista"},"url":"https:\/\/profesionales-malaga.com\/electricista\/author\/electricista\/"}]}},"_links":{"self":[{"href":"https:\/\/profesionales-malaga.com\/electricista\/wp-json\/wp\/v2\/posts\/229"}],"collection":[{"href":"https:\/\/profesionales-malaga.com\/electricista\/wp-json\/wp\/v2\/posts"}],"about":[{"href":"https:\/\/profesionales-malaga.com\/electricista\/wp-json\/wp\/v2\/types\/post"}],"author":[{"embeddable":true,"href":"https:\/\/profesionales-malaga.com\/electricista\/wp-json\/wp\/v2\/users\/1"}],"replies":[{"embeddable":true,"href":"https:\/\/profesionales-malaga.com\/electricista\/wp-json\/wp\/v2\/comments?post=229"}],"version-history":[{"count":2,"href":"https:\/\/profesionales-malaga.com\/electricista\/wp-json\/wp\/v2\/posts\/229\/revisions"}],"predecessor-version":[{"id":293,"href":"https:\/\/profesionales-malaga.com\/electricista\/wp-json\/wp\/v2\/posts\/229\/revisions\/293"}],"wp:featuredmedia":[{"embeddable":true,"href":"https:\/\/profesionales-malaga.com\/electricista\/wp-json\/wp\/v2\/media\/289"}],"wp:attachment":[{"href":"https:\/\/profesionales-malaga.com\/electricista\/wp-json\/wp\/v2\/media?parent=229"}],"wp:term":[{"taxonomy":"category","embeddable":true,"href":"https:\/\/profesionales-malaga.com\/electricista\/wp-json\/wp\/v2\/categories?post=229"},{"taxonomy":"post_tag","embeddable":true,"href":"https:\/\/profesionales-malaga.com\/electricista\/wp-json\/wp\/v2\/tags?post=229"}],"curies":[{"name":"wp","href":"https:\/\/api.w.org\/{rel}","templated":true}]}}