{"id":329,"date":"2018-04-13T13:48:46","date_gmt":"2018-04-13T13:48:46","guid":{"rendered":"http:\/\/profesionales-malaga.com\/electricista\/?p=329"},"modified":"2018-04-13T13:52:12","modified_gmt":"2018-04-13T13:52:12","slug":"cuales-las-averias-mas-comunes-electricista","status":"publish","type":"post","link":"https:\/\/profesionales-malaga.com\/electricista\/2018\/04\/13\/cuales-las-averias-mas-comunes-electricista\/","title":{"rendered":"Cuales son las aver\u00edas m\u00e1s comunes para un electricista"},"content":{"rendered":"<p>La electricidad es quiz\u00e1s el componente al que mayor importancia le damos en nuestros hogares, empresas y trabajos, puesto que estamos acostumbrados a trabajar utilizando la electricidad para la mayor\u00eda de las labores, por lo que es importante prestarle atenci\u00f3n especial a la parte el\u00e9ctrica para evitar que se produzcan inconvenientes, as\u00ed como tambi\u00e9n es importante que se realice el mantenimiento adecuado en las instalaciones el\u00e9ctricas.<\/p>\n<h3>Aver\u00edas m\u00e1s comunes de la electricidad<\/h3>\n<h3>Sobrecarga<\/h3>\n<p>Una de las problem\u00e1ticas m\u00e1s comunes que pueden aparecer en la parte el\u00e9ctrica son las sobrecargas, puesto que los circuitos el\u00e9ctricos han sido dise\u00f1ados para soportar una carga que ha sido previamente dise\u00f1ada, lo que causa ciertas modificaciones en los diferentes circuitos, puesto que el dise\u00f1o de los circuitos se basan en la circulaci\u00f3n de una corriente m\u00e1xima, lo que estar\u00e1 definido por el calibre del conductor y cuando se agregan cargas al circuito el consumo de la corriente aumenta y se activan las protecciones el\u00e9ctricas como los fusibles o disyuntores, los cuales se sobrecargan.<\/p>\n<h3>Cortocircuito<\/h3>\n<p>Otra de las aver\u00edas m\u00e1s comunes en los sistemas el\u00e9ctricos son los cortocircuitos, puesto que los mismos se producen cuando aparece un camino de baja resistencia o un punto d\u00e9bil en el cual puede circular la corriente y al ser baja la resistencia, se presenta un aumento dr\u00e1stico de la corriente el\u00e9ctrica, y con este tipo de problem\u00e1ticas se debe tener extremo cuidado ya que pueden provocar graves problemas e incluso incendios, por lo que se recomienda que se recubran todas las instalaciones el\u00e9ctricas para evitar contactos entre los cables y evitar problemas mediante el mantenimiento.<\/p>\n<h3>P\u00e9rdida de aislamiento<\/h3>\n<p>La perdida de aislamiento no es m\u00e1s que la raz\u00f3n por la cual se pueden llegar a presentar descargas el\u00e9ctricas a las personas que entren en contactos con superficies electrificadas de diversos aparatos el\u00e9ctricos como las neveras, las lavadoras y diferentes electrodom\u00e9sticos y este problema se causa a ra\u00edz de que los cables que suministran la energ\u00eda a estos equipos, se comienzan a deteriorar o desgastar con el tiempo a causa de las vibraciones y del ambiente al cual se exponen.<\/p>\n<p>Si tiene cualquier tipo de aver\u00eda, <a href=\"https:\/\/profesionales-malaga.com\/electricista\/averias-electricas-malaga\/\">consulte nuestro servicio de reparaci\u00f3n de aver\u00eda a precio cerrado en M\u00e1laga.<\/a><\/p>\n","protected":false},"excerpt":{"rendered":"<p>La electricidad es quiz\u00e1s el componente al que mayor importancia le damos en nuestros hogares, empresas y trabajos, puesto que estamos acostumbrados a trabajar utilizando la electricidad para la mayor\u00eda de las<a class=\"moretag\" href=\"https:\/\/profesionales-malaga.com\/electricista\/2018\/04\/13\/cuales-las-averias-mas-comunes-electricista\/\">Leer m\u00e1s&#8230;<\/a><\/p>\n","protected":false},"author":1,"featured_media":332,"comment_status":"open","ping_status":"open","sticky":false,"template":"","format":"standard","meta":[],"categories":[1],"tags":[28,29,30,26,6],"yoast_head":"<!-- This site is optimized with the Yoast SEO plugin v21.1 - https:\/\/yoast.com\/wordpress\/plugins\/seo\/ -->\n<title>Cuales son las aver\u00edas m\u00e1s comunes para un electricista - Electricista M\u00e1laga<\/title>\n<meta name=\"robots\" content=\"index, follow, max-snippet:-1, max-image-preview:large, max-video-preview:-1\" \/>\n<link rel=\"canonical\" href=\"https:\/\/profesionales-malaga.com\/electricista\/2018\/04\/13\/cuales-las-averias-mas-comunes-electricista\/\" \/>\n<meta property=\"og:locale\" content=\"es_ES\" \/>\n<meta property=\"og:type\" content=\"article\" \/>\n<meta property=\"og:title\" content=\"Cuales son las aver\u00edas m\u00e1s comunes para un electricista - Electricista M\u00e1laga\" \/>\n<meta property=\"og:description\" content=\"La electricidad es quiz\u00e1s el componente al que mayor importancia le damos en nuestros hogares, empresas y trabajos, puesto que estamos acostumbrados a trabajar utilizando la electricidad para la mayor\u00eda de lasLeer m\u00e1s...\" \/>\n<meta property=\"og:url\" content=\"https:\/\/profesionales-malaga.com\/electricista\/2018\/04\/13\/cuales-las-averias-mas-comunes-electricista\/\" \/>\n<meta property=\"og:site_name\" content=\"Electricista M\u00e1laga\" \/>\n<meta property=\"article:published_time\" content=\"2018-04-13T13:48:46+00:00\" \/>\n<meta property=\"article:modified_time\" content=\"2018-04-13T13:52:12+00:00\" \/>\n<meta property=\"og:image\" content=\"https:\/\/profesionales-malaga.com\/electricista\/wp-content\/uploads\/2018\/04\/averias-mas-comunes-electricista-malaga-1024x1024.jpg\" \/>\n\t<meta property=\"og:image:width\" content=\"1024\" \/>\n\t<meta property=\"og:image:height\" content=\"1024\" \/>\n\t<meta property=\"og:image:type\" content=\"image\/jpeg\" \/>\n<meta name=\"author\" content=\"electricista\" \/>\n<meta name=\"twitter:card\" content=\"summary_large_image\" \/>\n<meta name=\"twitter:label1\" content=\"Escrito por\" \/>\n\t<meta name=\"twitter:data1\" content=\"electricista\" \/>\n\t<meta name=\"twitter:label2\" content=\"Tiempo de lectura\" \/>\n\t<meta name=\"twitter:data2\" content=\"2 minutos\" \/>\n<script type=\"application\/ld+json\" class=\"yoast-schema-graph\">{\"@context\":\"https:\/\/schema.org\",\"@graph\":[{\"@type\":\"WebPage\",\"@id\":\"https:\/\/profesionales-malaga.com\/electricista\/2018\/04\/13\/cuales-las-averias-mas-comunes-electricista\/\",\"url\":\"https:\/\/profesionales-malaga.com\/electricista\/2018\/04\/13\/cuales-las-averias-mas-comunes-electricista\/\",\"name\":\"Cuales son las aver\u00edas m\u00e1s comunes para un electricista - Electricista M\u00e1laga\",\"isPartOf\":{\"@id\":\"https:\/\/profesionales-malaga.com\/electricista\/#website\"},\"datePublished\":\"2018-04-13T13:48:46+00:00\",\"dateModified\":\"2018-04-13T13:52:12+00:00\",\"author\":{\"@id\":\"https:\/\/profesionales-malaga.com\/electricista\/#\/schema\/person\/aac24444905ccc35c90d5723b5ca69f6\"},\"breadcrumb\":{\"@id\":\"https:\/\/profesionales-malaga.com\/electricista\/2018\/04\/13\/cuales-las-averias-mas-comunes-electricista\/#breadcrumb\"},\"inLanguage\":\"es\",\"potentialAction\":[{\"@type\":\"ReadAction\",\"target\":[\"https:\/\/profesionales-malaga.com\/electricista\/2018\/04\/13\/cuales-las-averias-mas-comunes-electricista\/\"]}]},{\"@type\":\"BreadcrumbList\",\"@id\":\"https:\/\/profesionales-malaga.com\/electricista\/2018\/04\/13\/cuales-las-averias-mas-comunes-electricista\/#breadcrumb\",\"itemListElement\":[{\"@type\":\"ListItem\",\"position\":1,\"name\":\"Portada\",\"item\":\"https:\/\/profesionales-malaga.com\/electricista\/\"},{\"@type\":\"ListItem\",\"position\":2,\"name\":\"Cuales son las aver\u00edas m\u00e1s comunes para un electricista\"}]},{\"@type\":\"WebSite\",\"@id\":\"https:\/\/profesionales-malaga.com\/electricista\/#website\",\"url\":\"https:\/\/profesionales-malaga.com\/electricista\/\",\"name\":\"Electricista M\u00e1laga\",\"description\":\"TXC INSTALACIONES S.L.\",\"potentialAction\":[{\"@type\":\"SearchAction\",\"target\":{\"@type\":\"EntryPoint\",\"urlTemplate\":\"https:\/\/profesionales-malaga.com\/electricista\/?s={search_term_string}\"},\"query-input\":\"required name=search_term_string\"}],\"inLanguage\":\"es\"},{\"@type\":\"Person\",\"@id\":\"https:\/\/profesionales-malaga.com\/electricista\/#\/schema\/person\/aac24444905ccc35c90d5723b5ca69f6\",\"name\":\"electricista\",\"image\":{\"@type\":\"ImageObject\",\"inLanguage\":\"es\",\"@id\":\"https:\/\/profesionales-malaga.com\/electricista\/#\/schema\/person\/image\/\",\"url\":\"https:\/\/secure.gravatar.com\/avatar\/fd7f2f59c492ee87eee9d52746e674fa?s=96&d=mm&r=g\",\"contentUrl\":\"https:\/\/secure.gravatar.com\/avatar\/fd7f2f59c492ee87eee9d52746e674fa?s=96&d=mm&r=g\",\"caption\":\"electricista\"},\"url\":\"https:\/\/profesionales-malaga.com\/electricista\/author\/electricista\/\"}]}<\/script>\n<!-- \/ Yoast SEO plugin. -->","yoast_head_json":{"title":"Cuales son las aver\u00edas m\u00e1s comunes para un electricista - Electricista M\u00e1laga","robots":{"index":"index","follow":"follow","max-snippet":"max-snippet:-1","max-image-preview":"max-image-preview:large","max-video-preview":"max-video-preview:-1"},"canonical":"https:\/\/profesionales-malaga.com\/electricista\/2018\/04\/13\/cuales-las-averias-mas-comunes-electricista\/","og_locale":"es_ES","og_type":"article","og_title":"Cuales son las aver\u00edas m\u00e1s comunes para un electricista - Electricista M\u00e1laga","og_description":"La electricidad es quiz\u00e1s el componente al que mayor importancia le damos en nuestros hogares, empresas y trabajos, puesto que estamos acostumbrados a trabajar utilizando la electricidad para la mayor\u00eda de lasLeer m\u00e1s...","og_url":"https:\/\/profesionales-malaga.com\/electricista\/2018\/04\/13\/cuales-las-averias-mas-comunes-electricista\/","og_site_name":"Electricista M\u00e1laga","article_published_time":"2018-04-13T13:48:46+00:00","article_modified_time":"2018-04-13T13:52:12+00:00","og_image":[{"width":1024,"height":1024,"url":"https:\/\/profesionales-malaga.com\/electricista\/wp-content\/uploads\/2018\/04\/averias-mas-comunes-electricista-malaga-1024x1024.jpg","type":"image\/jpeg"}],"author":"electricista","twitter_card":"summary_large_image","twitter_misc":{"Escrito por":"electricista","Tiempo de lectura":"2 minutos"},"schema":{"@context":"https:\/\/schema.org","@graph":[{"@type":"WebPage","@id":"https:\/\/profesionales-malaga.com\/electricista\/2018\/04\/13\/cuales-las-averias-mas-comunes-electricista\/","url":"https:\/\/profesionales-malaga.com\/electricista\/2018\/04\/13\/cuales-las-averias-mas-comunes-electricista\/","name":"Cuales son las aver\u00edas m\u00e1s comunes para un electricista - Electricista M\u00e1laga","isPartOf":{"@id":"https:\/\/profesionales-malaga.com\/electricista\/#website"},"datePublished":"2018-04-13T13:48:46+00:00","dateModified":"2018-04-13T13:52:12+00:00","author":{"@id":"https:\/\/profesionales-malaga.com\/electricista\/#\/schema\/person\/aac24444905ccc35c90d5723b5ca69f6"},"breadcrumb":{"@id":"https:\/\/profesionales-malaga.com\/electricista\/2018\/04\/13\/cuales-las-averias-mas-comunes-electricista\/#breadcrumb"},"inLanguage":"es","potentialAction":[{"@type":"ReadAction","target":["https:\/\/profesionales-malaga.com\/electricista\/2018\/04\/13\/cuales-las-averias-mas-comunes-electricista\/"]}]},{"@type":"BreadcrumbList","@id":"https:\/\/profesionales-malaga.com\/electricista\/2018\/04\/13\/cuales-las-averias-mas-comunes-electricista\/#breadcrumb","itemListElement":[{"@type":"ListItem","position":1,"name":"Portada","item":"https:\/\/profesionales-malaga.com\/electricista\/"},{"@type":"ListItem","position":2,"name":"Cuales son las aver\u00edas m\u00e1s comunes para un electricista"}]},{"@type":"WebSite","@id":"https:\/\/profesionales-malaga.com\/electricista\/#website","url":"https:\/\/profesionales-malaga.com\/electricista\/","name":"Electricista M\u00e1laga","description":"TXC INSTALACIONES S.L.","potentialAction":[{"@type":"SearchAction","target":{"@type":"EntryPoint","urlTemplate":"https:\/\/profesionales-malaga.com\/electricista\/?s={search_term_string}"},"query-input":"required name=search_term_string"}],"inLanguage":"es"},{"@type":"Person","@id":"https:\/\/profesionales-malaga.com\/electricista\/#\/schema\/person\/aac24444905ccc35c90d5723b5ca69f6","name":"electricista","image":{"@type":"ImageObject","inLanguage":"es","@id":"https:\/\/profesionales-malaga.com\/electricista\/#\/schema\/person\/image\/","url":"https:\/\/secure.gravatar.com\/avatar\/fd7f2f59c492ee87eee9d52746e674fa?s=96&d=mm&r=g","contentUrl":"https:\/\/secure.gravatar.com\/avatar\/fd7f2f59c492ee87eee9d52746e674fa?s=96&d=mm&r=g","caption":"electricista"},"url":"https:\/\/profesionales-malaga.com\/electricista\/author\/electricista\/"}]}},"_links":{"self":[{"href":"https:\/\/profesionales-malaga.com\/electricista\/wp-json\/wp\/v2\/posts\/329"}],"collection":[{"href":"https:\/\/profesionales-malaga.com\/electricista\/wp-json\/wp\/v2\/posts"}],"about":[{"href":"https:\/\/profesionales-malaga.com\/electricista\/wp-json\/wp\/v2\/types\/post"}],"author":[{"embeddable":true,"href":"https:\/\/profesionales-malaga.com\/electricista\/wp-json\/wp\/v2\/users\/1"}],"replies":[{"embeddable":true,"href":"https:\/\/profesionales-malaga.com\/electricista\/wp-json\/wp\/v2\/comments?post=329"}],"version-history":[{"count":3,"href":"https:\/\/profesionales-malaga.com\/electricista\/wp-json\/wp\/v2\/posts\/329\/revisions"}],"predecessor-version":[{"id":333,"href":"https:\/\/profesionales-malaga.com\/electricista\/wp-json\/wp\/v2\/posts\/329\/revisions\/333"}],"wp:featuredmedia":[{"embeddable":true,"href":"https:\/\/profesionales-malaga.com\/electricista\/wp-json\/wp\/v2\/media\/332"}],"wp:attachment":[{"href":"https:\/\/profesionales-malaga.com\/electricista\/wp-json\/wp\/v2\/media?parent=329"}],"wp:term":[{"taxonomy":"category","embeddable":true,"href":"https:\/\/profesionales-malaga.com\/electricista\/wp-json\/wp\/v2\/categories?post=329"},{"taxonomy":"post_tag","embeddable":true,"href":"https:\/\/profesionales-malaga.com\/electricista\/wp-json\/wp\/v2\/tags?post=329"}],"curies":[{"name":"wp","href":"https:\/\/api.w.org\/{rel}","templated":true}]}}